{"id":5724,"date":"2026-03-13T12:44:08","date_gmt":"2026-03-13T12:44:08","guid":{"rendered":"https:\/\/occo.pt\/?p=5724"},"modified":"2026-03-13T12:48:14","modified_gmt":"2026-03-13T12:48:14","slug":"internacional-academy-applications-closed","status":"publish","type":"post","link":"https:\/\/occo.pt\/en\/2026\/03\/13\/internacional-academy-applications-closed\/","title":{"rendered":"International Academy of Orchestra Conducting&#8217;26 &#8211; Applications Closed"},"content":{"rendered":"<div class=\"xdj266r x11i5rnm xat24cr x1mh8g0r x1vvkbs x126k92a\">\n<div dir=\"auto\">\n<div dir=\"auto\">\n<div class=\"xdj266r x11i5rnm xat24cr x1mh8g0r x1vvkbs x126k92a\">\n<div dir=\"auto\">\n<p style=\"font-weight: 400;\"><i><span lang=\"EN-US\">We would like to notify all interested candidates that the 7<sup>th<\/sup>\u00a0Edition of the International Academy of Orchestra Conducting \u2013 Estoril \u201926 is no longer accepting applications, as all available spots have been filled. We thank you for your interest and we look forward to your participation next year, for the Academy of \u201927.<\/span><\/i><\/p>\n<\/div>\n<\/div>\n<\/div>\n<\/div>\n<\/div>\n","protected":false},"excerpt":{"rendered":"<p>Est\u00e3o abertas as audi\u00e7\u00f5es para m\u00fasicos da Orquestra de C\u00e2mara de Cascais e Oeiras. Nos dias 23 e 24 de mar\u00e7o de 2026, a OCCO realizar\u00e1 audi\u00e7\u00f5es para integrar os naipes de cordas e de sopros. <\/p>\n","protected":false},"author":2,"featured_media":5232,"comment_status":"open","ping_status":"open","sticky":false,"template":"","format":"standard","meta":{"_vp_format_video_url":"","_vp_image_focal_point":[]},"categories":[55],"tags":[],"yoast_head":"<!-- This site is optimized with the Yoast SEO plugin v19.13 - https:\/\/yoast.com\/wordpress\/plugins\/seo\/ -->\n<title>International Academy of Orchestra Conducting&#039;26 - Applications Closed - occo<\/title>\n<meta name=\"robots\" content=\"index, follow, max-snippet:-1, max-image-preview:large, max-video-preview:-1\" \/>\n<link rel=\"canonical\" href=\"https:\/\/occo.pt\/en\/2026\/03\/13\/internacional-academy-applications-closed\/\" \/>\n<meta property=\"og:locale\" content=\"en_US\" \/>\n<meta property=\"og:type\" content=\"article\" \/>\n<meta property=\"og:title\" content=\"International Academy of Orchestra Conducting&#039;26 - Applications Closed - occo\" \/>\n<meta property=\"og:description\" content=\"Est\u00e3o abertas as audi\u00e7\u00f5es para m\u00fasicos da Orquestra de C\u00e2mara de Cascais e Oeiras. Nos dias 23 e 24 de mar\u00e7o de 2026, a OCCO realizar\u00e1 audi\u00e7\u00f5es para integrar os naipes de cordas e de sopros.\" \/>\n<meta property=\"og:url\" content=\"https:\/\/occo.pt\/en\/2026\/03\/13\/internacional-academy-applications-closed\/\" \/>\n<meta property=\"og:site_name\" content=\"occo\" \/>\n<meta property=\"article:published_time\" content=\"2026-03-13T12:44:08+00:00\" \/>\n<meta property=\"article:modified_time\" content=\"2026-03-13T12:48:14+00:00\" \/>\n<meta property=\"og:image\" content=\"https:\/\/occo.pt\/wp-content\/uploads\/2025\/08\/DSC05008-1-scaled.jpg\" \/>\n\t<meta property=\"og:image:width\" content=\"2560\" \/>\n\t<meta property=\"og:image:height\" content=\"1707\" \/>\n\t<meta property=\"og:image:type\" content=\"image\/jpeg\" \/>\n<meta name=\"author\" content=\"occo\" \/>\n<meta name=\"twitter:card\" content=\"summary_large_image\" \/>\n<meta name=\"twitter:label1\" content=\"Written by\" \/>\n\t<meta name=\"twitter:data1\" content=\"occo\" \/>\n\t<meta name=\"twitter:label2\" content=\"Est. reading time\" \/>\n\t<meta name=\"twitter:data2\" content=\"1 minute\" \/>\n<script type=\"application\/ld+json\" class=\"yoast-schema-graph\">{\"@context\":\"https:\/\/schema.org\",\"@graph\":[{\"@type\":\"WebPage\",\"@id\":\"https:\/\/occo.pt\/en\/2026\/03\/13\/internacional-academy-applications-closed\/\",\"url\":\"https:\/\/occo.pt\/en\/2026\/03\/13\/internacional-academy-applications-closed\/\",\"name\":\"International Academy of Orchestra Conducting'26 - Applications Closed - occo\",\"isPartOf\":{\"@id\":\"https:\/\/occo.pt\/en\/#website\"},\"datePublished\":\"2026-03-13T12:44:08+00:00\",\"dateModified\":\"2026-03-13T12:48:14+00:00\",\"author\":{\"@id\":\"https:\/\/occo.pt\/en\/#\/schema\/person\/f7cd81e89cff16f551417e3c5b1e314d\"},\"breadcrumb\":{\"@id\":\"https:\/\/occo.pt\/en\/2026\/03\/13\/internacional-academy-applications-closed\/#breadcrumb\"},\"inLanguage\":\"en-US\",\"potentialAction\":[{\"@type\":\"ReadAction\",\"target\":[\"https:\/\/occo.pt\/en\/2026\/03\/13\/internacional-academy-applications-closed\/\"]}]},{\"@type\":\"BreadcrumbList\",\"@id\":\"https:\/\/occo.pt\/en\/2026\/03\/13\/internacional-academy-applications-closed\/#breadcrumb\",\"itemListElement\":[{\"@type\":\"ListItem\",\"position\":1,\"name\":\"In\u00edcio\",\"item\":\"https:\/\/occo.pt\/en\/\"},{\"@type\":\"ListItem\",\"position\":2,\"name\":\"International Academy of Orchestra Conducting&#8217;26 &#8211; Applications Closed\"}]},{\"@type\":\"WebSite\",\"@id\":\"https:\/\/occo.pt\/en\/#website\",\"url\":\"https:\/\/occo.pt\/en\/\",\"name\":\"occo\",\"description\":\"Orquestra de C\u00e2mara de Cascais e Oeiras\",\"potentialAction\":[{\"@type\":\"SearchAction\",\"target\":{\"@type\":\"EntryPoint\",\"urlTemplate\":\"https:\/\/occo.pt\/en\/?s={search_term_string}\"},\"query-input\":\"required name=search_term_string\"}],\"inLanguage\":\"en-US\"},{\"@type\":\"Person\",\"@id\":\"https:\/\/occo.pt\/en\/#\/schema\/person\/f7cd81e89cff16f551417e3c5b1e314d\",\"name\":\"occo\",\"image\":{\"@type\":\"ImageObject\",\"inLanguage\":\"en-US\",\"@id\":\"https:\/\/occo.pt\/en\/#\/schema\/person\/image\/\",\"url\":\"https:\/\/secure.gravatar.com\/avatar\/585a7ec7e30ea946f0764ffe432ed759?s=96&d=mm&r=g\",\"contentUrl\":\"https:\/\/secure.gravatar.com\/avatar\/585a7ec7e30ea946f0764ffe432ed759?s=96&d=mm&r=g\",\"caption\":\"occo\"},\"url\":\"https:\/\/occo.pt\/en\/author\/occo\/\"}]}<\/script>\n<!-- \/ Yoast SEO plugin. -->","yoast_head_json":{"title":"International Academy of Orchestra Conducting'26 - Applications Closed - occo","robots":{"index":"index","follow":"follow","max-snippet":"max-snippet:-1","max-image-preview":"max-image-preview:large","max-video-preview":"max-video-preview:-1"},"canonical":"https:\/\/occo.pt\/en\/2026\/03\/13\/internacional-academy-applications-closed\/","og_locale":"en_US","og_type":"article","og_title":"International Academy of Orchestra Conducting'26 - Applications Closed - occo","og_description":"Est\u00e3o abertas as audi\u00e7\u00f5es para m\u00fasicos da Orquestra de C\u00e2mara de Cascais e Oeiras. Nos dias 23 e 24 de mar\u00e7o de 2026, a OCCO realizar\u00e1 audi\u00e7\u00f5es para integrar os naipes de cordas e de sopros.","og_url":"https:\/\/occo.pt\/en\/2026\/03\/13\/internacional-academy-applications-closed\/","og_site_name":"occo","article_published_time":"2026-03-13T12:44:08+00:00","article_modified_time":"2026-03-13T12:48:14+00:00","og_image":[{"width":2560,"height":1707,"url":"https:\/\/occo.pt\/wp-content\/uploads\/2025\/08\/DSC05008-1-scaled.jpg","type":"image\/jpeg"}],"author":"occo","twitter_card":"summary_large_image","twitter_misc":{"Written by":"occo","Est. reading time":"1 minute"},"schema":{"@context":"https:\/\/schema.org","@graph":[{"@type":"WebPage","@id":"https:\/\/occo.pt\/en\/2026\/03\/13\/internacional-academy-applications-closed\/","url":"https:\/\/occo.pt\/en\/2026\/03\/13\/internacional-academy-applications-closed\/","name":"International Academy of Orchestra Conducting'26 - Applications Closed - occo","isPartOf":{"@id":"https:\/\/occo.pt\/en\/#website"},"datePublished":"2026-03-13T12:44:08+00:00","dateModified":"2026-03-13T12:48:14+00:00","author":{"@id":"https:\/\/occo.pt\/en\/#\/schema\/person\/f7cd81e89cff16f551417e3c5b1e314d"},"breadcrumb":{"@id":"https:\/\/occo.pt\/en\/2026\/03\/13\/internacional-academy-applications-closed\/#breadcrumb"},"inLanguage":"en-US","potentialAction":[{"@type":"ReadAction","target":["https:\/\/occo.pt\/en\/2026\/03\/13\/internacional-academy-applications-closed\/"]}]},{"@type":"BreadcrumbList","@id":"https:\/\/occo.pt\/en\/2026\/03\/13\/internacional-academy-applications-closed\/#breadcrumb","itemListElement":[{"@type":"ListItem","position":1,"name":"In\u00edcio","item":"https:\/\/occo.pt\/en\/"},{"@type":"ListItem","position":2,"name":"International Academy of Orchestra Conducting&#8217;26 &#8211; Applications Closed"}]},{"@type":"WebSite","@id":"https:\/\/occo.pt\/en\/#website","url":"https:\/\/occo.pt\/en\/","name":"occo","description":"Orquestra de C\u00e2mara de Cascais e Oeiras","potentialAction":[{"@type":"SearchAction","target":{"@type":"EntryPoint","urlTemplate":"https:\/\/occo.pt\/en\/?s={search_term_string}"},"query-input":"required name=search_term_string"}],"inLanguage":"en-US"},{"@type":"Person","@id":"https:\/\/occo.pt\/en\/#\/schema\/person\/f7cd81e89cff16f551417e3c5b1e314d","name":"occo","image":{"@type":"ImageObject","inLanguage":"en-US","@id":"https:\/\/occo.pt\/en\/#\/schema\/person\/image\/","url":"https:\/\/secure.gravatar.com\/avatar\/585a7ec7e30ea946f0764ffe432ed759?s=96&d=mm&r=g","contentUrl":"https:\/\/secure.gravatar.com\/avatar\/585a7ec7e30ea946f0764ffe432ed759?s=96&d=mm&r=g","caption":"occo"},"url":"https:\/\/occo.pt\/en\/author\/occo\/"}]}},"_links":{"self":[{"href":"https:\/\/occo.pt\/en\/wp-json\/wp\/v2\/posts\/5724"}],"collection":[{"href":"https:\/\/occo.pt\/en\/wp-json\/wp\/v2\/posts"}],"about":[{"href":"https:\/\/occo.pt\/en\/wp-json\/wp\/v2\/types\/post"}],"author":[{"embeddable":true,"href":"https:\/\/occo.pt\/en\/wp-json\/wp\/v2\/users\/2"}],"replies":[{"embeddable":true,"href":"https:\/\/occo.pt\/en\/wp-json\/wp\/v2\/comments?post=5724"}],"version-history":[{"count":2,"href":"https:\/\/occo.pt\/en\/wp-json\/wp\/v2\/posts\/5724\/revisions"}],"predecessor-version":[{"id":5731,"href":"https:\/\/occo.pt\/en\/wp-json\/wp\/v2\/posts\/5724\/revisions\/5731"}],"wp:featuredmedia":[{"embeddable":true,"href":"https:\/\/occo.pt\/en\/wp-json\/wp\/v2\/media\/5232"}],"wp:attachment":[{"href":"https:\/\/occo.pt\/en\/wp-json\/wp\/v2\/media?parent=5724"}],"wp:term":[{"taxonomy":"category","embeddable":true,"href":"https:\/\/occo.pt\/en\/wp-json\/wp\/v2\/categories?post=5724"},{"taxonomy":"post_tag","embeddable":true,"href":"https:\/\/occo.pt\/en\/wp-json\/wp\/v2\/tags?post=5724"}],"curies":[{"name":"wp","href":"https:\/\/api.w.org\/{rel}","templated":true}]}}